{"id":128,"date":"2014-05-19T10:49:06","date_gmt":"2014-05-19T08:49:06","guid":{"rendered":"http:\/\/www.ostsee-urlaube.de\/blog\/?p=128"},"modified":"2023-08-11T17:16:36","modified_gmt":"2023-08-11T15:16:36","slug":"cartoonair-am-meer-in-prerow","status":"publish","type":"post","link":"https:\/\/www.ostsee-urlaube.de\/blog\/cartoonair-am-meer-in-prerow\/","title":{"rendered":"Cartoonair am Meer in Prerow"},"content":{"rendered":"\n<p>Vom 7. Juni bis zum 7. September 2014 findet im <a href=\"\/fischland-darss-zingst\/prerow\/\">Ostseebad Prerow<\/a> die 7. Cartoonair am Meer statt. In diesem Jahr lautet das Motto &#8222;Coole Bilder &#8211; Cartoons mit Zeitgeist&#8220;. Neben Karikaturist Tom, der das Titelmotiv gezeichnet hat, nehmen weitere 49 Cartoonisten an der Cartoonair teil.<\/p>\n\n\n\n<p>Mitten im Nationalpark Vorpommersche Boddenlandschaft der Halbinsel <a href=\"\/fischland-darss-zingst\/\">Fischland-Darss-Zingst<\/a> werfen die K\u00fcnstler gleich mehrere Fragen auf. Zum Beispiel, ob cool sein \u00fcberhaupt noch cool ist, wer eigentlich die Trends festlegt und wohin einen der Weg f\u00fchrt, wenn man mit dem Zeitgeist geht. Fragen, auf die die Freiluft-Karikaturausstellung an einem der sch\u00f6nsten Str\u00e4nde Europas die passenden Antworten gibt.<\/p>\n\n\n\n<p>Die Cartoonisten kommen aus Deutschland und \u00d6sterreich und setzen sich mit allen Lebenslagen und Altersklassen auseinander. Sie alle sind dem Zeitgeist auf der Spur und versuchen ihn in ihren Karikaturen einzufangen. Zu sehen sind die licht- und wetterfesten Kunstwerke im Garten des Kulturkatens Kiek In &#8211; bei Wind und Wetter, Sonne wie Regen.<br>\nDie Ausstellung ist t\u00e4glich ge\u00f6ffnet. Der Eintritt betr\u00e4gt 2 \u20ac, f\u00fcr Inhaber einer Kurkarte nur 1,50 \u20ac.<\/p>\n\n\n\n<h2 class=\"wp-block-heading\">Programm<\/h2>\n\n\n\n<p>Zum Programm der Cartoonair geh\u00f6ren neben der Freiluft-Ausstellung insgesamt sechs Abendveranstaltungen, die jeweils um 20.00 Uhr beginnen:<\/p>\n\n\n\n<ul class=\"wp-block-list\">\n<li>08.06. Horst Evers \u201cHinterher hat man\u00b4s meist vorher gewusst\u201d<\/li>\n\n\n\n<li>10.07. Winnie B\u00f6we \u201dDes S\u00e4ngers Fluch\u201d<\/li>\n\n\n\n<li>23.07. Flix &amp; Ralph Ruthe \u201cM\u00e4dchen und Missgeschicke\u201d<\/li>\n\n\n\n<li>06.08. Fil \u201cIm Rausch der Heiterkeit\u201d<\/li>\n\n\n\n<li>20.08. Martin Sonneborn \u201dHeimatkunde II. Und mehr!\u201d<\/li>\n\n\n\n<li>28.08. Hauck &amp; Bauer \u201cMan tut was man kann. Nix\u201d<\/li>\n<\/ul>\n\n\n\n<h2 class=\"wp-block-heading\">Lange Nacht der Coolen Bilder<\/h2>\n\n\n\n<p>P\u00fcnktlich zur Halbzeit der 7. Cartoonair am 31.08.2014 haben sich die Organisatoren etwas Besonderes einfallen lassen. Von 18.00 Uhr bis Mitternacht gibt die Prerower Rockband Schmmoos ein Konzert und Besucher k\u00f6nnen die Ausstellung bei freiem Eintritt mit einer Taschenlampe besichtigen.<\/p>\n\n\n\n<h2 class=\"wp-block-heading\">Finale<\/h2>\n\n\n\n<p>Die Ausstellung und die Abendveranstaltungen sind zu einem festen kulturellen H\u00f6hepunkt in Prerow geworden und weit \u00fcber die Grenzen des Ostseebades hinaus bekannt.<br>\nAm Abschlu\u00dfwochenende werden einige der Karikaturisten zum gemeinsamen Feiern vor Ort sein, wenn der Publikumspreis vergeben wird.<\/p>\n","protected":false},"excerpt":{"rendered":"<p>Vom 7. Juni bis zum 7. September 2014 findet im Ostseebad Prerow die 7. Cartoonair am Meer statt. In diesem Jahr lautet das Motto &#8222;Coole Bilder &#8211; Cartoons mit Zeitgeist&#8220;. Neben Karikaturist Tom, der das Titelmotiv gezeichnet hat, nehmen weitere 49 Cartoonisten an der Cartoonair teil. Mitten im Nationalpark Vorpommersche Boddenlandschaft der Halbinsel Fischland-Darss-Zingst werfen [&hellip;]<\/p>\n","protected":false},"author":1,"featured_media":375,"comment_status":"closed","ping_status":"closed","sticky":false,"template":"","format":"standard","meta":{"_seopress_robots_primary_cat":"none","_seopress_titles_title":"Cartoonair am Meer in Prerow","_seopress_titles_desc":"Vom 7. Juni bis zum 7. September 2014 findet im Ostseebad Prerow die 7. Cartoonair am Meer statt. In diesem Jahr lautet das Motto &quot;Coole Bilder - Cartoons mit Zeitgeist&quot;.","_seopress_robots_index":"","footnotes":""},"categories":[1],"tags":[],"class_list":["post-128","post","type-post","status-publish","format-standard","has-post-thumbnail","hentry","category-allgemein"],"_links":{"self":[{"href":"https:\/\/www.ostsee-urlaube.de\/blog\/wp-json\/wp\/v2\/posts\/128","targetHints":{"allow":["GET"]}}],"collection":[{"href":"https:\/\/www.ostsee-urlaube.de\/blog\/wp-json\/wp\/v2\/posts"}],"about":[{"href":"https:\/\/www.ostsee-urlaube.de\/blog\/wp-json\/wp\/v2\/types\/post"}],"author":[{"embeddable":true,"href":"https:\/\/www.ostsee-urlaube.de\/blog\/wp-json\/wp\/v2\/users\/1"}],"replies":[{"embeddable":true,"href":"https:\/\/www.ostsee-urlaube.de\/blog\/wp-json\/wp\/v2\/comments?post=128"}],"version-history":[{"count":7,"href":"https:\/\/www.ostsee-urlaube.de\/blog\/wp-json\/wp\/v2\/posts\/128\/revisions"}],"predecessor-version":[{"id":502,"href":"https:\/\/www.ostsee-urlaube.de\/blog\/wp-json\/wp\/v2\/posts\/128\/revisions\/502"}],"wp:featuredmedia":[{"embeddable":true,"href":"https:\/\/www.ostsee-urlaube.de\/blog\/wp-json\/wp\/v2\/media\/375"}],"wp:attachment":[{"href":"https:\/\/www.ostsee-urlaube.de\/blog\/wp-json\/wp\/v2\/media?parent=128"}],"wp:term":[{"taxonomy":"category","embeddable":true,"href":"https:\/\/www.ostsee-urlaube.de\/blog\/wp-json\/wp\/v2\/categories?post=128"},{"taxonomy":"post_tag","embeddable":true,"href":"https:\/\/www.ostsee-urlaube.de\/blog\/wp-json\/wp\/v2\/tags?post=128"}],"curies":[{"name":"wp","href":"https:\/\/api.w.org\/{rel}","templated":true}]}}