{"id":198,"date":"2014-05-28T14:50:39","date_gmt":"2014-05-28T12:50:39","guid":{"rendered":"http:\/\/www.ostsee-urlaube.de\/blog\/?p=198"},"modified":"2023-05-23T16:33:34","modified_gmt":"2023-05-23T14:33:34","slug":"eckernfoerder-sprottentage","status":"publish","type":"post","link":"https:\/\/www.ostsee-urlaube.de\/blog\/eckernfoerder-sprottentage\/","title":{"rendered":"Eckernf\u00f6rder Sprottentage"},"content":{"rendered":"\n<p>Die Eckernf\u00f6rder Sprottentage 2014 stehen ganz im Zeichen der Sprotte. Vom Nachmittag des 11.07.2014 bis zum Nachmittag des 13.07.2014 wird an der Hafenmeile ger\u00e4uchert, gebrutzelt und den G\u00e4sten einiges an Veranstaltungen geboten.<\/p>\n\n\n\n<h2 class=\"wp-block-heading\">Drei Tage lang Markttreiben am Hafen<\/h2>\n\n\n\n<p>Zentrum des Markttreibens ist auch w\u00e4hrend der Eckernf\u00f6rder Sprottentage das R\u00e4uchern der &#8222;Kieler Sprotten&#8220;. Zuschauen und kosten ist ausdr\u00fccklich erw\u00fcnscht. Opsteekfru Stine und Fischer Fiete erkl\u00e4ren im plattdeutschen Dialekt genau, wie die Spezialit\u00e4t richtig zu verspeisen ist.<br>Rings um das kulinarische Highlight bieten die Marktst\u00e4nde Karusselle, Schie\u00dfst\u00e4nde und vieles mehr. Kleink\u00fcnstler treten auf, die Stadtteile Eckernf\u00f6rde und Borby wetteifern traditionell in verschiedenen Disziplinen, und jeden Abend treten Bands auf der Showb\u00fchne der Hafenmeile auf.<\/p>\n\n\n\n<h2 class=\"wp-block-heading\">Abendkonzerte w\u00e4hrend der Eckernf\u00f6rder Sprottentage<\/h2>\n\n\n\n<p>Die Abende der Eckernf\u00f6rder Sprottentage gestalten Bands auf der Hafenb\u00fchne jeweils ab 20:00 Uhr. Die &#8222;Chili con Pepper&#8220;-Tributeband rockt die B\u00fchne am Freitagabend mit Funk-Rock und dem Besten des Originals. Klamottig und poppig stehen und tanzen am Samstag die &#8222;ZACK ZILLIS&#8220; auf der Hafenb\u00fchne. Sie begeistern zus\u00e4tzlich zum Gesang mit feuriger Unterhaltung und viel Humor. F\u00fcr den Abendausklang der Markttage sorgen beide Shows bis etwa 23:00 Uhr.<\/p>\n\n\n\n<h2 class=\"wp-block-heading\">Wettk\u00e4mpfe um die &#8222;Goldene Sprotte&#8220; 2014<\/h2>\n\n\n\n<p>Bei den Stadtteilwettk\u00e4mpfen versuchen auch 2014 die Stadtteile Eckernf\u00f6rde und Borby die &#8222;Goldene Sprotte&#8220; nach Hause zu holen.<br>Bei der Kaperfahrt schaffen drei Fahnentr\u00e4ger der jeweils gegnerischen Mannschaft Fahnen mit einem Kanu zum Boot. Drei Runden lang hangeln sich beide Mannschaften beim &#8222;Hol \u00fcber&#8220; an Tauen vom Boot \u00fcber das Hafenbecken.<br>Das Eckernf\u00f6rder &#8222;Lanzenreiten&#8220; findet in f\u00fcnf Runden auf Kanus mit Ruderern und Lanzentr\u00e4gern statt. Beim Schwimmringspiel &#8222;Leuchtturm&#8220; gewinnt die Mannschaft, die zuerst einen 10-Ringe-Turm auf einem Floss aufgestapelt hat.<br>Weitere Siegpunkte gehen an die jeweils bessere Mannschaft beim &#8222;Seilt\u00e4nzer&#8220;. Hierbei m\u00fcssen Mannschaftst\u00e4nzer \u00fcber eine Slackline \u00fcber Wassser balancieren &#8211; je mehr Meter, desto mehr Punkte z\u00e4hlen f\u00fcr das Team.<\/p>\n\n\n\n<h2 class=\"wp-block-heading\">Typisch Eckernf\u00f6rde: Der zweite GUMM-PRIX am 13.07.2014 in Eckernf\u00f6rde<\/h2>\n\n\n\n<p>Ein Rennen mit Gummibooten nach der Handlungsvorlage aus &#8222;Tod am Strand&#8220; liefern sich 4-Personen-Teams beim zweiten GUMM-PRIX am Sonntag der Eckernf\u00f6rder Sprottentage 2014. Eine m\u00f6glichst kreative Verkleidung ist hierbei ebenso wichtig wie die Geschwindigkeit der Gummiboote. Als Preis sind Schnupperkurse im Windsurfen, eine Segelfahrt mit dem Katamaran &#8222;Kumari&#8220; und ein Kochkurs sowie Tauchg\u00e4nge und Outdoor-Fotoshootings ausgelobt.<\/p>\n\n\n\n<h2 class=\"wp-block-heading\">Gastgeber in Eckernf\u00f6rde<\/h2>\n\n\n\n<p>Die Stadt Eckernf\u00f6rde bietet rund 1700 G\u00e4stebetten f\u00fcr Touristen, unter anderem in Hotels und Pensionen sowie in Privatquartieren. Wer noch ein privates Ferienhaus oder ein Ferienappartement in Eckernf\u00f6rde f\u00fcr die Festivit\u00e4ten oder einen <a title=\"Urlaub an der Eckernf\u00f6rder Bucht\" href=\"\/eckernfoerder-bucht\/\">Urlaub an der Eckernf\u00f6rder Bucht<\/a> sucht wird in unserem Gastgeberverzeichnis f\u00fcndig.<\/p>\n","protected":false},"excerpt":{"rendered":"<p>Die Eckernf\u00f6rder Sprottentage 2014 stehen ganz im Zeichen der Sprotte. Vom Nachmittag des 11.07.2014 bis zum Nachmittag des 13.07.2014 wird an der Hafenmeile ger\u00e4uchert, gebrutzelt und den G\u00e4sten einiges an Veranstaltungen geboten. Drei Tage lang Markttreiben am Hafen Zentrum des Markttreibens ist auch w\u00e4hrend der Eckernf\u00f6rder Sprottentage das R\u00e4uchern der &#8222;Kieler Sprotten&#8220;. Zuschauen und kosten [&hellip;]<\/p>\n","protected":false},"author":1,"featured_media":375,"comment_status":"closed","ping_status":"closed","sticky":false,"template":"","format":"standard","meta":{"_seopress_robots_primary_cat":"none","_seopress_titles_title":"Eckernf\u00f6rder Sprottentage","_seopress_titles_desc":"Die Eckenf\u00f6rder Sprottentage 2014 stehen ganz im Zeichen der Sprotte. Vom 11. bis 13. Juli wird wieder an der Hafenmeile ger\u00e4uchert, gebrutzelt und den G\u00e4sten einiges an Veranstaltungen geboten.","_seopress_robots_index":"","footnotes":""},"categories":[1],"tags":[],"class_list":["post-198","post","type-post","status-publish","format-standard","has-post-thumbnail","hentry","category-allgemein"],"_links":{"self":[{"href":"https:\/\/www.ostsee-urlaube.de\/blog\/wp-json\/wp\/v2\/posts\/198","targetHints":{"allow":["GET"]}}],"collection":[{"href":"https:\/\/www.ostsee-urlaube.de\/blog\/wp-json\/wp\/v2\/posts"}],"about":[{"href":"https:\/\/www.ostsee-urlaube.de\/blog\/wp-json\/wp\/v2\/types\/post"}],"author":[{"embeddable":true,"href":"https:\/\/www.ostsee-urlaube.de\/blog\/wp-json\/wp\/v2\/users\/1"}],"replies":[{"embeddable":true,"href":"https:\/\/www.ostsee-urlaube.de\/blog\/wp-json\/wp\/v2\/comments?post=198"}],"version-history":[{"count":4,"href":"https:\/\/www.ostsee-urlaube.de\/blog\/wp-json\/wp\/v2\/posts\/198\/revisions"}],"predecessor-version":[{"id":390,"href":"https:\/\/www.ostsee-urlaube.de\/blog\/wp-json\/wp\/v2\/posts\/198\/revisions\/390"}],"wp:featuredmedia":[{"embeddable":true,"href":"https:\/\/www.ostsee-urlaube.de\/blog\/wp-json\/wp\/v2\/media\/375"}],"wp:attachment":[{"href":"https:\/\/www.ostsee-urlaube.de\/blog\/wp-json\/wp\/v2\/media?parent=198"}],"wp:term":[{"taxonomy":"category","embeddable":true,"href":"https:\/\/www.ostsee-urlaube.de\/blog\/wp-json\/wp\/v2\/categories?post=198"},{"taxonomy":"post_tag","embeddable":true,"href":"https:\/\/www.ostsee-urlaube.de\/blog\/wp-json\/wp\/v2\/tags?post=198"}],"curies":[{"name":"wp","href":"https:\/\/api.w.org\/{rel}","templated":true}]}}